{"id":313,"date":"2021-10-02T12:09:59","date_gmt":"2021-10-02T10:09:59","guid":{"rendered":"http:\/\/zameklubniewice.pl\/?p=313"},"modified":"2021-10-02T12:10:55","modified_gmt":"2021-10-02T10:10:55","slug":"pierwsze-dni-festiwalu-w-lubniewicach","status":"publish","type":"post","link":"http:\/\/zameklubniewice.pl\/?p=313","title":{"rendered":"Pierwsze dni Festiwalu w Lubniewicach"},"content":{"rendered":"\n<p> Szanowni Pa\u0144stwo,<\/p>\n\n\n\n<p>Za nami ju\u017c pierwsze dwa dni Lubomirski Festival. Podczas uroczystego otwarcia zagra\u0142 dla Pa\u0144stwa na fortepianie Piotr Sa\u0142ajczyk z repertuarem kompozycji ksi\u0119cia W\u0142adys\u0142awa i Kazimierza Lubomirskich, W\u0142adys\u0142awa \u017bele\u0144skiego, Mieczys\u0142awa Kar\u0142owicza oraz Karola Szymanowskiego. Festiwalowe koncerty w Zamku Ksi\u0105\u017c\u0105t Lubomirskich w Lubniewicach prowadzi doradca spo\u0142eczny prezydenta Andrzeja Dudy oraz prezes Polskiego Radia RDC \u2013 Pan Tadeusz Deszkiewicz. Drugi dzie\u0144 Lubomirski Festival po\u015bwi\u0119cony by\u0142 pie\u015bniom W\u0142adys\u0142awa \u017bele\u0144skiego, kt\u00f3re zaprezentowa\u0142y znakomite \u015bpiewaczki \u2013 Joanna \u015awi\u0119szek (mezzosopran) oraz Zuzanna Kuliszewska (sopran), a na fortepianie pianistka \u2013 Dominika Peszko.Serdecznie zapraszamy na wyj\u0105tkowe koncerty Lubomirski Festiwal w pi\u0119knych wn\u0119trzach Zamku Ksi\u0105\u017c\u0105t Lubomirskich w Lubniewicach!<\/p>\n\n\n\n<p>Program dost\u0119pny na stronie: lubomirskifestival.pl<\/p>\n\n\n\n<p>Lubomirski Festival jest obj\u0119ty Patronatem honorowym Marsza\u0142ek Wojew\u00f3dztwa Lubuskiego, Wojewody Wojew\u00f3dztwa Lubuskiego i Marsza\u0142ka Wojew\u00f3dztwa Ma\u0142opolskiego.<\/p>\n\n\n\n<p><a href=\"https:\/\/www.facebook.com\/lubuskiepl\/?__cft__[0]=AZWumOB36KRDB55itontpCiGpwKssFoB9en_h6FLK6vZp61HFF0dh-2NggORqpDTNm9KqlSJdKegIMFh4P-tlDjxtnIi9V8vsIz8H0qIqoxzeNuaUBH5jedSYBvRFuZddtSVI43xZCsVqMQ1gu_awpfv&amp;__tn__=kK-R\">Lubuskie<\/a><br><a href=\"https:\/\/www.facebook.com\/LubuskiUrzadWojewodzki?__cft__[0]=AZWumOB36KRDB55itontpCiGpwKssFoB9en_h6FLK6vZp61HFF0dh-2NggORqpDTNm9KqlSJdKegIMFh4P-tlDjxtnIi9V8vsIz8H0qIqoxzeNuaUBH5jedSYBvRFuZddtSVI43xZCsVqMQ1gu_awpfv&amp;__tn__=-]K-R\">Lubuski Urz\u0105d Wojew\u00f3dzki<\/a><br><a href=\"https:\/\/www.facebook.com\/malopolskaofficial\/?__cft__[0]=AZWumOB36KRDB55itontpCiGpwKssFoB9en_h6FLK6vZp61HFF0dh-2NggORqpDTNm9KqlSJdKegIMFh4P-tlDjxtnIi9V8vsIz8H0qIqoxzeNuaUBH5jedSYBvRFuZddtSVI43xZCsVqMQ1gu_awpfv&amp;__tn__=kK-R\">Ma\u0142opolska<\/a><\/p>\n\n\n\n<figure class=\"wp-block-image size-large\"><img decoding=\"async\" loading=\"lazy\" width=\"1024\" height=\"686\" src=\"http:\/\/zameklubniewice.pl\/wp-content\/uploads\/2021\/10\/1-2.jpg\" alt=\"\" class=\"wp-image-314\" srcset=\"http:\/\/zameklubniewice.pl\/wp-content\/uploads\/2021\/10\/1-2.jpg 1024w, http:\/\/zameklubniewice.pl\/wp-content\/uploads\/2021\/10\/1-2-300x201.jpg 300w, http:\/\/zameklubniewice.pl\/wp-content\/uploads\/2021\/10\/1-2-768x515.jpg 768w, http:\/\/zameklubniewice.pl\/wp-content\/uploads\/2021\/10\/1-2-448x300.jpg 448w\" sizes=\"(max-width: 1024px) 100vw, 1024px\" \/><\/figure>\n\n\n\n<figure class=\"wp-block-image size-large\"><img decoding=\"async\" loading=\"lazy\" width=\"1024\" height=\"754\" src=\"http:\/\/zameklubniewice.pl\/wp-content\/uploads\/2021\/10\/2-2.jpg\" alt=\"\" class=\"wp-image-317\" srcset=\"http:\/\/zameklubniewice.pl\/wp-content\/uploads\/2021\/10\/2-2.jpg 1024w, http:\/\/zameklubniewice.pl\/wp-content\/uploads\/2021\/10\/2-2-300x221.jpg 300w, http:\/\/zameklubniewice.pl\/wp-content\/uploads\/2021\/10\/2-2-768x566.jpg 768w, http:\/\/zameklubniewice.pl\/wp-content\/uploads\/2021\/10\/2-2-407x300.jpg 407w\" sizes=\"(max-width: 1024px) 100vw, 1024px\" \/><\/figure>\n\n\n\n<figure class=\"wp-block-image size-large\"><img decoding=\"async\" loading=\"lazy\" width=\"621\" height=\"827\" src=\"http:\/\/zameklubniewice.pl\/wp-content\/uploads\/2021\/10\/3-2.jpg\" alt=\"\" class=\"wp-image-315\" srcset=\"http:\/\/zameklubniewice.pl\/wp-content\/uploads\/2021\/10\/3-2.jpg 621w, http:\/\/zameklubniewice.pl\/wp-content\/uploads\/2021\/10\/3-2-225x300.jpg 225w\" sizes=\"(max-width: 621px) 100vw, 621px\" \/><\/figure>\n\n\n\n<figure class=\"wp-block-image size-large\"><img decoding=\"async\" loading=\"lazy\" width=\"1024\" height=\"685\" src=\"http:\/\/zameklubniewice.pl\/wp-content\/uploads\/2021\/10\/4-3.jpg\" alt=\"\" class=\"wp-image-316\" srcset=\"http:\/\/zameklubniewice.pl\/wp-content\/uploads\/2021\/10\/4-3.jpg 1024w, http:\/\/zameklubniewice.pl\/wp-content\/uploads\/2021\/10\/4-3-300x201.jpg 300w, http:\/\/zameklubniewice.pl\/wp-content\/uploads\/2021\/10\/4-3-768x514.jpg 768w, http:\/\/zameklubniewice.pl\/wp-content\/uploads\/2021\/10\/4-3-448x300.jpg 448w\" sizes=\"(max-width: 1024px) 100vw, 1024px\" \/><\/figure>\n\n\n\n<figure class=\"wp-block-image size-large\"><img decoding=\"async\" loading=\"lazy\" width=\"906\" height=\"687\" src=\"http:\/\/zameklubniewice.pl\/wp-content\/uploads\/2021\/10\/5-1.jpg\" alt=\"\" class=\"wp-image-318\" srcset=\"http:\/\/zameklubniewice.pl\/wp-content\/uploads\/2021\/10\/5-1.jpg 906w, http:\/\/zameklubniewice.pl\/wp-content\/uploads\/2021\/10\/5-1-300x227.jpg 300w, http:\/\/zameklubniewice.pl\/wp-content\/uploads\/2021\/10\/5-1-768x582.jpg 768w, http:\/\/zameklubniewice.pl\/wp-content\/uploads\/2021\/10\/5-1-396x300.jpg 396w\" sizes=\"(max-width: 906px) 100vw, 906px\" \/><\/figure>\n\n\n\n<figure class=\"wp-block-image size-large\"><img decoding=\"async\" loading=\"lazy\" width=\"936\" height=\"627\" src=\"http:\/\/zameklubniewice.pl\/wp-content\/uploads\/2021\/10\/6-1.jpg\" alt=\"\" class=\"wp-image-321\" srcset=\"http:\/\/zameklubniewice.pl\/wp-content\/uploads\/2021\/10\/6-1.jpg 936w, http:\/\/zameklubniewice.pl\/wp-content\/uploads\/2021\/10\/6-1-300x201.jpg 300w, http:\/\/zameklubniewice.pl\/wp-content\/uploads\/2021\/10\/6-1-768x514.jpg 768w, http:\/\/zameklubniewice.pl\/wp-content\/uploads\/2021\/10\/6-1-448x300.jpg 448w\" sizes=\"(max-width: 936px) 100vw, 936px\" \/><\/figure>\n\n\n\n<figure class=\"wp-block-image size-large\"><img decoding=\"async\" loading=\"lazy\" width=\"949\" height=\"771\" src=\"http:\/\/zameklubniewice.pl\/wp-content\/uploads\/2021\/10\/7.jpg\" alt=\"\" class=\"wp-image-319\" srcset=\"http:\/\/zameklubniewice.pl\/wp-content\/uploads\/2021\/10\/7.jpg 949w, http:\/\/zameklubniewice.pl\/wp-content\/uploads\/2021\/10\/7-300x244.jpg 300w, http:\/\/zameklubniewice.pl\/wp-content\/uploads\/2021\/10\/7-768x624.jpg 768w, http:\/\/zameklubniewice.pl\/wp-content\/uploads\/2021\/10\/7-369x300.jpg 369w\" sizes=\"(max-width: 949px) 100vw, 949px\" \/><\/figure>\n\n\n\n<figure class=\"wp-block-image size-large\"><img decoding=\"async\" loading=\"lazy\" width=\"621\" height=\"824\" src=\"http:\/\/zameklubniewice.pl\/wp-content\/uploads\/2021\/10\/8.jpg\" alt=\"\" class=\"wp-image-320\" srcset=\"http:\/\/zameklubniewice.pl\/wp-content\/uploads\/2021\/10\/8.jpg 621w, http:\/\/zameklubniewice.pl\/wp-content\/uploads\/2021\/10\/8-226x300.jpg 226w\" sizes=\"(max-width: 621px) 100vw, 621px\" \/><\/figure>\n\n\n\n<figure class=\"wp-block-image size-large\"><img decoding=\"async\" loading=\"lazy\" width=\"621\" height=\"816\" src=\"http:\/\/zameklubniewice.pl\/wp-content\/uploads\/2021\/10\/9.jpg\" alt=\"\" class=\"wp-image-322\" srcset=\"http:\/\/zameklubniewice.pl\/wp-content\/uploads\/2021\/10\/9.jpg 621w, http:\/\/zameklubniewice.pl\/wp-content\/uploads\/2021\/10\/9-228x300.jpg 228w\" sizes=\"(max-width: 621px) 100vw, 621px\" \/><\/figure>\n\n\n\n<figure class=\"wp-block-image size-large\"><img decoding=\"async\" loading=\"lazy\" width=\"1024\" height=\"844\" src=\"http:\/\/zameklubniewice.pl\/wp-content\/uploads\/2021\/10\/10.jpg\" alt=\"\" class=\"wp-image-323\" srcset=\"http:\/\/zameklubniewice.pl\/wp-content\/uploads\/2021\/10\/10.jpg 1024w, http:\/\/zameklubniewice.pl\/wp-content\/uploads\/2021\/10\/10-300x247.jpg 300w, http:\/\/zameklubniewice.pl\/wp-content\/uploads\/2021\/10\/10-768x633.jpg 768w, http:\/\/zameklubniewice.pl\/wp-content\/uploads\/2021\/10\/10-364x300.jpg 364w\" sizes=\"(max-width: 1024px) 100vw, 1024px\" \/><\/figure>\n\n\n\n<figure class=\"wp-block-image size-large\"><img decoding=\"async\" loading=\"lazy\" width=\"1024\" height=\"765\" src=\"http:\/\/zameklubniewice.pl\/wp-content\/uploads\/2021\/10\/11.jpg\" alt=\"\" class=\"wp-image-324\" srcset=\"http:\/\/zameklubniewice.pl\/wp-content\/uploads\/2021\/10\/11.jpg 1024w, http:\/\/zameklubniewice.pl\/wp-content\/uploads\/2021\/10\/11-300x224.jpg 300w, http:\/\/zameklubniewice.pl\/wp-content\/uploads\/2021\/10\/11-768x574.jpg 768w, http:\/\/zameklubniewice.pl\/wp-content\/uploads\/2021\/10\/11-402x300.jpg 402w\" sizes=\"(max-width: 1024px) 100vw, 1024px\" \/><\/figure>\n\n\n\n<figure class=\"wp-block-image size-large\"><img decoding=\"async\" loading=\"lazy\" width=\"621\" height=\"784\" src=\"http:\/\/zameklubniewice.pl\/wp-content\/uploads\/2021\/10\/12.jpg\" alt=\"\" class=\"wp-image-325\" srcset=\"http:\/\/zameklubniewice.pl\/wp-content\/uploads\/2021\/10\/12.jpg 621w, http:\/\/zameklubniewice.pl\/wp-content\/uploads\/2021\/10\/12-238x300.jpg 238w\" sizes=\"(max-width: 621px) 100vw, 621px\" \/><\/figure>\n\n\n\n<figure class=\"wp-block-image size-large\"><img decoding=\"async\" loading=\"lazy\" width=\"801\" height=\"620\" src=\"http:\/\/zameklubniewice.pl\/wp-content\/uploads\/2021\/10\/13.jpg\" alt=\"\" class=\"wp-image-326\" srcset=\"http:\/\/zameklubniewice.pl\/wp-content\/uploads\/2021\/10\/13.jpg 801w, http:\/\/zameklubniewice.pl\/wp-content\/uploads\/2021\/10\/13-300x232.jpg 300w, http:\/\/zameklubniewice.pl\/wp-content\/uploads\/2021\/10\/13-768x594.jpg 768w, http:\/\/zameklubniewice.pl\/wp-content\/uploads\/2021\/10\/13-388x300.jpg 388w\" sizes=\"(max-width: 801px) 100vw, 801px\" \/><\/figure>\n\n\n\n<figure class=\"wp-block-image size-large\"><img decoding=\"async\" loading=\"lazy\" width=\"701\" height=\"929\" src=\"http:\/\/zameklubniewice.pl\/wp-content\/uploads\/2021\/10\/14.jpg\" alt=\"\" class=\"wp-image-327\" srcset=\"http:\/\/zameklubniewice.pl\/wp-content\/uploads\/2021\/10\/14.jpg 701w, http:\/\/zameklubniewice.pl\/wp-content\/uploads\/2021\/10\/14-226x300.jpg 226w\" sizes=\"(max-width: 701px) 100vw, 701px\" \/><\/figure>\n\n\n\n<figure class=\"wp-block-image size-large\"><img decoding=\"async\" loading=\"lazy\" width=\"667\" height=\"1024\" src=\"http:\/\/zameklubniewice.pl\/wp-content\/uploads\/2021\/10\/15.jpg\" alt=\"\" class=\"wp-image-328\" srcset=\"http:\/\/zameklubniewice.pl\/wp-content\/uploads\/2021\/10\/15.jpg 667w, http:\/\/zameklubniewice.pl\/wp-content\/uploads\/2021\/10\/15-195x300.jpg 195w\" sizes=\"(max-width: 667px) 100vw, 667px\" \/><\/figure>\n\n\n\n<figure class=\"wp-block-image size-large\"><img decoding=\"async\" loading=\"lazy\" width=\"996\" height=\"982\" src=\"http:\/\/zameklubniewice.pl\/wp-content\/uploads\/2021\/10\/16.jpg\" alt=\"\" class=\"wp-image-329\" srcset=\"http:\/\/zameklubniewice.pl\/wp-content\/uploads\/2021\/10\/16.jpg 996w, http:\/\/zameklubniewice.pl\/wp-content\/uploads\/2021\/10\/16-300x296.jpg 300w, http:\/\/zameklubniewice.pl\/wp-content\/uploads\/2021\/10\/16-768x757.jpg 768w, http:\/\/zameklubniewice.pl\/wp-content\/uploads\/2021\/10\/16-304x300.jpg 304w\" sizes=\"(max-width: 996px) 100vw, 996px\" \/><\/figure>\n\n\n\n<p><a href=\"https:\/\/www.facebook.com\/hashtag\/theprinceslubomirskifoundation?__eep__=6&amp;__cft__[0]=AZWumOB36KRDB55itontpCiGpwKssFoB9en_h6FLK6vZp61HFF0dh-2NggORqpDTNm9KqlSJdKegIMFh4P-tlDjxtnIi9V8vsIz8H0qIqoxzeNuaUBH5jedSYBvRFuZddtSVI43xZCsVqMQ1gu_awpfv&amp;__tn__=*NK-R\">#theprinceslubomirskifoundation<\/a><a href=\"https:\/\/www.facebook.com\/hashtag\/fundacjaksi%C4%85%C5%BC%C4%85tlubomirskich?__eep__=6&amp;__cft__[0]=AZWumOB36KRDB55itontpCiGpwKssFoB9en_h6FLK6vZp61HFF0dh-2NggORqpDTNm9KqlSJdKegIMFh4P-tlDjxtnIi9V8vsIz8H0qIqoxzeNuaUBH5jedSYBvRFuZddtSVI43xZCsVqMQ1gu_awpfv&amp;__tn__=*NK-R\">#fundacjaksi\u0105\u017c\u0105tlubomirskich<\/a><br><a href=\"https:\/\/www.facebook.com\/hashtag\/zameklubniewice?__eep__=6&amp;__cft__[0]=AZWumOB36KRDB55itontpCiGpwKssFoB9en_h6FLK6vZp61HFF0dh-2NggORqpDTNm9KqlSJdKegIMFh4P-tlDjxtnIi9V8vsIz8H0qIqoxzeNuaUBH5jedSYBvRFuZddtSVI43xZCsVqMQ1gu_awpfv&amp;__tn__=*NK-R\">#zameklubniewice<\/a><a href=\"https:\/\/www.facebook.com\/hashtag\/zamekksi%C4%85%C5%BC%C4%85tlubomirskich?__eep__=6&amp;__cft__[0]=AZWumOB36KRDB55itontpCiGpwKssFoB9en_h6FLK6vZp61HFF0dh-2NggORqpDTNm9KqlSJdKegIMFh4P-tlDjxtnIi9V8vsIz8H0qIqoxzeNuaUBH5jedSYBvRFuZddtSVI43xZCsVqMQ1gu_awpfv&amp;__tn__=*NK-R\">#zamekksi\u0105\u017c\u0105tlubomirskich<\/a><a href=\"https:\/\/www.facebook.com\/hashtag\/lubomirskifestival?__eep__=6&amp;__cft__[0]=AZWumOB36KRDB55itontpCiGpwKssFoB9en_h6FLK6vZp61HFF0dh-2NggORqpDTNm9KqlSJdKegIMFh4P-tlDjxtnIi9V8vsIz8H0qIqoxzeNuaUBH5jedSYBvRFuZddtSVI43xZCsVqMQ1gu_awpfv&amp;__tn__=*NK-R\">#lubomirskifestival<\/a><br><a href=\"https:\/\/www.facebook.com\/hashtag\/festiwalw%C5%82adys%C5%82awalubomirskiego?__eep__=6&amp;__cft__[0]=AZWumOB36KRDB55itontpCiGpwKssFoB9en_h6FLK6vZp61HFF0dh-2NggORqpDTNm9KqlSJdKegIMFh4P-tlDjxtnIi9V8vsIz8H0qIqoxzeNuaUBH5jedSYBvRFuZddtSVI43xZCsVqMQ1gu_awpfv&amp;__tn__=*NK-R\">#festiwalw\u0142adys\u0142awalubomirskiego<\/a><\/p>\n","protected":false},"excerpt":{"rendered":"<p>Szanowni Pa\u0144stwo, Za nami ju\u017c pierwsze dwa dni Lubomirski Festival. Podczas uroczystego otwarcia zagra\u0142 dla Pa\u0144stwa na fortepianie Piotr Sa\u0142ajczyk z repertuarem kompozycji ksi\u0119cia W\u0142adys\u0142awa i Kazimierza Lubomirskich, W\u0142adys\u0142awa \u017bele\u0144skiego, Mieczys\u0142awa Kar\u0142owicza oraz Karola Szymanowskiego. Festiwalowe koncerty w Zamku Ksi\u0105\u017c\u0105t &hellip; <a href=\"http:\/\/zameklubniewice.pl\/?p=313\">Czytaj dalej <span class=\"meta-nav\">&rarr;<\/span><\/a><\/p>\n","protected":false},"author":1,"featured_media":0,"comment_status":"open","ping_status":"open","sticky":false,"template":"","format":"standard","meta":{"sfsi_plus_gutenberg_text_before_share":"","sfsi_plus_gutenberg_show_text_before_share":"","sfsi_plus_gutenberg_icon_type":"","sfsi_plus_gutenberg_icon_alignemt":"","sfsi_plus_gutenburg_max_per_row":""},"categories":[1],"tags":[],"_links":{"self":[{"href":"http:\/\/zameklubniewice.pl\/index.php?rest_route=\/wp\/v2\/posts\/313"}],"collection":[{"href":"http:\/\/zameklubniewice.pl\/index.php?rest_route=\/wp\/v2\/posts"}],"about":[{"href":"http:\/\/zameklubniewice.pl\/index.php?rest_route=\/wp\/v2\/types\/post"}],"author":[{"embeddable":true,"href":"http:\/\/zameklubniewice.pl\/index.php?rest_route=\/wp\/v2\/users\/1"}],"replies":[{"embeddable":true,"href":"http:\/\/zameklubniewice.pl\/index.php?rest_route=%2Fwp%2Fv2%2Fcomments&post=313"}],"version-history":[{"count":2,"href":"http:\/\/zameklubniewice.pl\/index.php?rest_route=\/wp\/v2\/posts\/313\/revisions"}],"predecessor-version":[{"id":331,"href":"http:\/\/zameklubniewice.pl\/index.php?rest_route=\/wp\/v2\/posts\/313\/revisions\/331"}],"wp:attachment":[{"href":"http:\/\/zameklubniewice.pl\/index.php?rest_route=%2Fwp%2Fv2%2Fmedia&parent=313"}],"wp:term":[{"taxonomy":"category","embeddable":true,"href":"http:\/\/zameklubniewice.pl\/index.php?rest_route=%2Fwp%2Fv2%2Fcategories&post=313"},{"taxonomy":"post_tag","embeddable":true,"href":"http:\/\/zameklubniewice.pl\/index.php?rest_route=%2Fwp%2Fv2%2Ftags&post=313"}],"curies":[{"name":"wp","href":"https:\/\/api.w.org\/{rel}","templated":true}]}}